{"id":4368,"date":"2025-11-28T13:16:14","date_gmt":"2025-11-28T12:16:14","guid":{"rendered":"https:\/\/www.cyberinflight.com\/?p=4368"},"modified":"2025-11-28T13:16:33","modified_gmt":"2025-11-28T12:16:33","slug":"%f0%9f%9a%80-cyberinflight-attended-the-cybersecurity-business-convention-cbc-in-toulouse","status":"publish","type":"post","link":"https:\/\/www.cyberinflight.com\/?p=4368","title":{"rendered":"\ud83d\ude80 CyberInflight pr\u00e9sent \u00e0 la Cybersecurity Business Convention (CBC) \u00e0 Toulouse!"},"content":{"rendered":"\n<p>\ud83d\udef0\ufe0f\ud83d\udca1 Cher r\u00e9seau \ud83d\ude80\u2694\ufe0f<br><br>CyberInflight \u00e9tait pr\u00e9sent lors du <a href=\"https:\/\/www.linkedin.com\/company\/cbc-cybersecurity-business-convention\/\">CBC &#8211; Cybersecurity Business Convention<\/a> pour 2 jours intenses et de nombreux \u00e9changes avec les acteurs de la cyber et du spatial \ud83d\ude80\u2694\ufe0f<br><br>Honor\u00e9 d&#8217;avoir particip\u00e9 \u00e0 la table ronde avec nos piliers du spatial Toulousain <a href=\"https:\/\/www.linkedin.com\/in\/julienairaud\/\">Julien Airaud<\/a> <a href=\"https:\/\/www.linkedin.com\/in\/stephane-descous\/\">St\u00e9phane DESCOUS<\/a> <a href=\"https:\/\/www.linkedin.com\/in\/anna-barraque\/\">Anna Barraqu\u00e9<\/a> sous la mod\u00e9ration de l&#8217;incontournable <a href=\"https:\/\/www.linkedin.com\/in\/yohann-bauzil\/\">\ud83d\udee1 Yohann BAUZIL<\/a> \ud83e\udd29\ud83e\udd29<br><br>Merci \u00e0 l&#8217;organisation conjointe <a href=\"https:\/\/www.linkedin.com\/company\/cysatspace\/\">CYSAT<\/a> et <a href=\"https:\/\/www.linkedin.com\/company\/cbc-cybersecurity-business-convention\/\">CBC &#8211; Cybersecurity Business Convention<\/a> pour cette demi-journ\u00e9e d\u00e9di\u00e9e au spatial \u2b50<br><br>Un clin d\u2019\u0153il \u00e0 notre ami <a href=\"https:\/\/www.linkedin.com\/in\/mabailly\/\">Mathieu Bailly<\/a> pour sa pr\u00e9sentation valorisant les PME passionn\u00e9es dans ce domaine, et <a href=\"https:\/\/www.linkedin.com\/in\/franck-perrin-879b78\/\">Franck Perrin<\/a> pour sa pr\u00e9sentation nous rappelant les enjeux \u00e0 venir.<br>Un grand merci \u00e0 tous !\ud83d\ude4f<\/p>\n\n\n\n<figure class=\"wp-block-image size-large\"><img fetchpriority=\"high\" decoding=\"async\" width=\"1024\" height=\"764\" src=\"https:\/\/www.cyberinflight.com\/wp-content\/uploads\/2025\/11\/image-14-1024x764.png\" alt=\"\" class=\"wp-image-4369\" srcset=\"https:\/\/www.cyberinflight.com\/wp-content\/uploads\/2025\/11\/image-14-1024x764.png 1024w, https:\/\/www.cyberinflight.com\/wp-content\/uploads\/2025\/11\/image-14-300x224.png 300w, https:\/\/www.cyberinflight.com\/wp-content\/uploads\/2025\/11\/image-14-768x573.png 768w, https:\/\/www.cyberinflight.com\/wp-content\/uploads\/2025\/11\/image-14-1536x1145.png 1536w, https:\/\/www.cyberinflight.com\/wp-content\/uploads\/2025\/11\/image-14.png 2048w\" sizes=\"(max-width: 767px) 89vw, (max-width: 1000px) 54vw, (max-width: 1071px) 543px, 580px\" \/><\/figure>\n\n\n\n<figure class=\"wp-block-image size-large\"><img decoding=\"async\" width=\"1024\" height=\"768\" src=\"https:\/\/www.cyberinflight.com\/wp-content\/uploads\/2025\/11\/image-15-1024x768.png\" alt=\"\" class=\"wp-image-4370\" srcset=\"https:\/\/www.cyberinflight.com\/wp-content\/uploads\/2025\/11\/image-15-1024x768.png 1024w, https:\/\/www.cyberinflight.com\/wp-content\/uploads\/2025\/11\/image-15-300x225.png 300w, https:\/\/www.cyberinflight.com\/wp-content\/uploads\/2025\/11\/image-15-768x576.png 768w, https:\/\/www.cyberinflight.com\/wp-content\/uploads\/2025\/11\/image-15-1536x1152.png 1536w, https:\/\/www.cyberinflight.com\/wp-content\/uploads\/2025\/11\/image-15.png 2048w\" sizes=\"(max-width: 767px) 89vw, (max-width: 1000px) 54vw, (max-width: 1071px) 543px, 580px\" \/><\/figure>\n\n\n\n<p><\/p>\n","protected":false},"excerpt":{"rendered":"<p>\ud83d\udef0\ufe0f\ud83d\udca1 Cher r\u00e9seau \ud83d\ude80\u2694\ufe0f CyberInflight \u00e9tait pr\u00e9sent lors du CBC &#8211; Cybersecurity Business Convention pour 2 jours intenses et de nombreux \u00e9changes avec les acteurs de la cyber et du spatial \ud83d\ude80\u2694\ufe0f Honor\u00e9 d&#8217;avoir particip\u00e9 \u00e0 la table ronde avec nos piliers du spatial Toulousain Julien Airaud St\u00e9phane DESCOUS Anna Barraqu\u00e9 sous la mod\u00e9ration de &hellip; <\/p>\n<p class=\"link-more\"><a href=\"https:\/\/www.cyberinflight.com\/?p=4368\" class=\"more-link\">Continue reading<span class=\"screen-reader-text\"> &#8220;\ud83d\ude80 CyberInflight pr\u00e9sent \u00e0 la Cybersecurity Business Convention (CBC) \u00e0 Toulouse!&#8221;<\/span><\/a><\/p>\n","protected":false},"author":1,"featured_media":0,"comment_status":"closed","ping_status":"open","sticky":false,"template":"","format":"standard","meta":{"footnotes":""},"categories":[1],"tags":[],"class_list":["post-4368","post","type-post","status-publish","format-standard","hentry","category-non-classe"],"_links":{"self":[{"href":"https:\/\/www.cyberinflight.com\/index.php?rest_route=\/wp\/v2\/posts\/4368","targetHints":{"allow":["GET"]}}],"collection":[{"href":"https:\/\/www.cyberinflight.com\/index.php?rest_route=\/wp\/v2\/posts"}],"about":[{"href":"https:\/\/www.cyberinflight.com\/index.php?rest_route=\/wp\/v2\/types\/post"}],"author":[{"embeddable":true,"href":"https:\/\/www.cyberinflight.com\/index.php?rest_route=\/wp\/v2\/users\/1"}],"replies":[{"embeddable":true,"href":"https:\/\/www.cyberinflight.com\/index.php?rest_route=%2Fwp%2Fv2%2Fcomments&post=4368"}],"version-history":[{"count":2,"href":"https:\/\/www.cyberinflight.com\/index.php?rest_route=\/wp\/v2\/posts\/4368\/revisions"}],"predecessor-version":[{"id":4372,"href":"https:\/\/www.cyberinflight.com\/index.php?rest_route=\/wp\/v2\/posts\/4368\/revisions\/4372"}],"wp:attachment":[{"href":"https:\/\/www.cyberinflight.com\/index.php?rest_route=%2Fwp%2Fv2%2Fmedia&parent=4368"}],"wp:term":[{"taxonomy":"category","embeddable":true,"href":"https:\/\/www.cyberinflight.com\/index.php?rest_route=%2Fwp%2Fv2%2Fcategories&post=4368"},{"taxonomy":"post_tag","embeddable":true,"href":"https:\/\/www.cyberinflight.com\/index.php?rest_route=%2Fwp%2Fv2%2Ftags&post=4368"}],"curies":[{"name":"wp","href":"https:\/\/api.w.org\/{rel}","templated":true}]}}